[{"@context":"https:\/\/schema.org\/","@type":"Article","@id":"https:\/\/www.dorest.cz\/vliv-moderni-doby-na-spolecnost\/#Article","mainEntityOfPage":"https:\/\/www.dorest.cz\/vliv-moderni-doby-na-spolecnost\/","headline":"Vliv modern\u00ed doby na spole\u010dnost","name":"Vliv modern\u00ed doby na spole\u010dnost","description":"Modern\u00ed doba si jist\u011b s sebou nese mnoh\u00e9 v\u00fdhody, av\u0161ak j\u00e1 osob\u011b \u010d\u00edm d\u00e1l, t\u00edm v\u00edce vid\u00ed jen negativn\u00ed dopady t\u00e9to doby. Lid\u00e9 se k sob\u011b neum\u011bj\u00ed chovat, mnohdy si neum\u00ed pomoci ani rodinn\u00ed p\u0159\u00edslu\u0161n\u00edci. Av\u0161ak hlavn\u00edm probl\u00e9m je to, \u017ee ka\u017ed\u00fd chce mnoho a mnoho v\u011bc\u00ed. Ob\u010das mi to tak tedy p\u0159ipad\u00e1, jako kdyby&hellip;","datePublished":"2020-01-15","dateModified":"2023-06-01","author":{"@type":"Person","@id":"https:\/\/www.dorest.cz\/author\/#Person","name":"","url":"https:\/\/www.dorest.cz\/author\/","identifier":1,"image":{"@type":"ImageObject","@id":"https:\/\/secure.gravatar.com\/avatar\/4e1219daed488a40aaae5f3a36d7a332441b6e7a97d465811f6633d3359f64e8?s=96&d=mm&r=g","url":"https:\/\/secure.gravatar.com\/avatar\/4e1219daed488a40aaae5f3a36d7a332441b6e7a97d465811f6633d3359f64e8?s=96&d=mm&r=g","height":96,"width":96}},"publisher":{"@type":"Organization","name":"dorest.cz","logo":{"@type":"ImageObject","@id":"\/logo.png","url":"\/logo.png","width":600,"height":60}},"image":{"@type":"ImageObject","@id":"https:\/\/www.dorest.cz\/wp-content\/uploads\/img_a378387_w3281_t1589543855.jpg","url":"https:\/\/www.dorest.cz\/wp-content\/uploads\/img_a378387_w3281_t1589543855.jpg","height":0,"width":0},"url":"https:\/\/www.dorest.cz\/vliv-moderni-doby-na-spolecnost\/","about":["N\u00e1kupy"],"wordCount":435,"articleBody":"      Modern\u00ed doba si jist\u011b s sebou nese mnoh\u00e9 v\u00fdhody, av\u0161ak j\u00e1 osob\u011b \u010d\u00edm d\u00e1l, t\u00edm v\u00edce vid\u00ed jen negativn\u00ed dopady t\u00e9to doby. Lid\u00e9 se k sob\u011b neum\u011bj\u00ed chovat, mnohdy si neum\u00ed pomoci ani rodinn\u00ed p\u0159\u00edslu\u0161n\u00edci. Av\u0161ak hlavn\u00edm probl\u00e9m je to, \u017ee ka\u017ed\u00fd chce mnoho a mnoho v\u011bc\u00ed. Ob\u010das mi to tak tedy p\u0159ipad\u00e1, jako kdyby byla vyhl\u00e1\u0161ena sout\u011b\u017e o to, kdo toho v\u00edc z\u00edsk\u00e1. Jak kdyby z\u00e1kladem v\u0161eho bylo to, v \u010dem \u010dlov\u011bk chod\u00ed, ne\u017e jak\u00fd je uvnit\u0159. A pr\u00e1v\u011b toto my\u0161len\u00ed bychom m\u011bli zm\u011bnit, proto\u017ee jinak n\u00e1s to zni\u010d\u00ed! M\u011bli bychom tak tedy sv\u00e9 okol\u00ed v\u00e9st k tomu, \u017ee m\u00e9n\u011b je n\u011bkdy v\u00edce, jeliko\u017e \u010d\u00edm v\u00edc toho \u010dlov\u011bk m\u00e1, t\u00edm m\u00e9n\u011b si toho v\u00e1\u017e\u00ed. D\u00e1le bychom si tak\u00e9 m\u011bli uv\u011bdomit, \u017ee to prav\u00e9 bohatstv\u00ed se v \u017e\u00e1dn\u00e9m p\u0159\u00edpad\u011b neskr\u00fdv\u00e1 v materi\u00e1ln\u00ed str\u00e1nce \u017eivota, jeliko\u017e tato \u010d\u00e1st \u017eivota n\u00e1s sp\u00ed\u0161e pohlcuje. Mnohem lep\u0161\u00ed je soust\u0159edit se na duchovn\u00ed str\u00e1nku, jeliko\u017e ta n\u00e1s v \u017eivot\u011b m\u016f\u017ee posunout mnohem d\u00e1l! Je tak tedy nutn\u00e9, abychom si u\u017e kone\u010dn\u011b uv\u011bdomili, \u017ee nen\u00ed nic \u0161patn\u00e9ho na tom, kdy\u017e \u010dlov\u011bk je\u0161t\u011b st\u00e1le pou\u017e\u00edv\u00e1 tla\u010d\u00edtkov\u00fd mobil, a to i v p\u0159\u00edpad\u011b, \u017ee drtiv\u00e1 v\u011bt\u0161ina spole\u010dnosti d\u00e1v\u00e1 p\u0159ednost tomu dotykov\u00e9mu. D\u00e1le je tak\u00e9 podstatn\u00e9 p\u0159ij\u00edt na to, \u017ee zdrav\u00ed, \u0161t\u011bst\u00ed a l\u00e1ska jsou hodnoty, kter\u00e9 tvo\u0159\u00ed tu pravou podstatu \u017eivota. Jedn\u00e1 se toti\u017e o n\u011bco, co v \u017e\u00e1dn\u00e9m p\u0159\u00edpad\u011b nelze nahradit. Pokud tak tedy m\u016f\u017eete, vysv\u011btlete minim\u00e1ln\u011b sv\u00e9 rodin\u011b, \u017ee i kdy\u017e nem\u00e1te p\u0159\u00edli\u0161 mnoho pen\u011bz na rozd\u00e1v\u00e1n\u00ed, nen\u00ed to vlastn\u011b v\u016fbec \u0161patn\u00e9, jeliko\u017e se d\u00edky tomu nau\u010d\u00edte, \u017ee v\u0161echno prost\u011b nem\u016f\u017eete m\u00edt hned. A pr\u00e1v\u011b za takov\u00fd p\u0159\u00edstup v\u00e1m jednou budou va\u0161e d\u011bti vd\u011b\u010dn\u00e9, jeliko\u017e do budoucna se jim to bude opravdu hodit. V\u017edy tak tedy pamatujte na to, \u017ee b\u00fdt materialistou nen\u00ed v\u016fbec dobr\u00e9, a to zejm\u00e9na z toho d\u016fvodu, \u017ee d\u00edky tomu p\u0159ich\u00e1z\u00edte o spoustu z\u00e1\u017eitk\u016f, jeliko\u017e va\u0161\u00edm smyslem \u017eivota je sb\u00edrat v\u011bci. A z\u00e1\u017eitek je p\u0159eci mnohem v\u00edc, ne\u017e n\u011bjak\u00fd drah\u00fd v\u00fdrobek!                                                                                                                                                                                                                                                                                                                                                                                          3.2\/5 - (11 votes)        "},{"@context":"https:\/\/schema.org\/","@type":"BreadcrumbList","itemListElement":[{"@type":"ListItem","position":1,"name":"Vliv modern\u00ed doby na spole\u010dnost","item":"https:\/\/www.dorest.cz\/vliv-moderni-doby-na-spolecnost\/#breadcrumbitem"}]}]